{"id":245,"date":"2025-05-16T11:41:44","date_gmt":"2025-05-16T11:41:44","guid":{"rendered":"https:\/\/italienbyran.se\/?p=245"},"modified":"2025-08-07T07:19:23","modified_gmt":"2025-08-07T07:19:23","slug":"kopa-hus-i-marche","status":"publish","type":"post","link":"https:\/\/italienbyran.se\/index.php\/2025\/05\/16\/kopa-hus-i-marche\/","title":{"rendered":"K\u00f6pa hus i Marche"},"content":{"rendered":"\t\t<div data-elementor-type=\"wp-post\" data-elementor-id=\"245\" class=\"elementor elementor-245\">\n\t\t\t\t<div class=\"elementor-element elementor-element-f7bee9f e-flex e-con-boxed e-con e-parent\" data-id=\"f7bee9f\" data-element_type=\"container\">\n\t\t\t\t\t<div class=\"e-con-inner\">\n\t\t\t\t<div class=\"elementor-element elementor-element-d828acb elementor-widget elementor-widget-image\" data-id=\"d828acb\" data-element_type=\"widget\" data-widget_type=\"image.default\">\n\t\t\t\t<div class=\"elementor-widget-container\">\n\t\t\t\t\t\t\t\t\t\t\t\t\t\t\t<img fetchpriority=\"high\" decoding=\"async\" width=\"1024\" height=\"730\" src=\"https:\/\/italienbyran.se\/wp-content\/uploads\/2025\/05\/IMG_6402-2-1024x730.jpg\" class=\"attachment-large size-large wp-image-248\" alt=\"Albacina\" srcset=\"https:\/\/italienbyran.se\/wp-content\/uploads\/2025\/05\/IMG_6402-2-1024x730.jpg 1024w, https:\/\/italienbyran.se\/wp-content\/uploads\/2025\/05\/IMG_6402-2-300x214.jpg 300w, https:\/\/italienbyran.se\/wp-content\/uploads\/2025\/05\/IMG_6402-2-768x548.jpg 768w, https:\/\/italienbyran.se\/wp-content\/uploads\/2025\/05\/IMG_6402-2-1536x1095.jpg 1536w, https:\/\/italienbyran.se\/wp-content\/uploads\/2025\/05\/IMG_6402-2-2048x1460.jpg 2048w\" sizes=\"(max-width: 1024px) 100vw, 1024px\" \/>\t\t\t\t\t\t\t\t\t\t\t\t\t\t\t<\/div>\n\t\t\t\t<\/div>\n\t\t\t\t\t<\/div>\n\t\t\t\t<\/div>\n\t\t<div class=\"elementor-element elementor-element-7ee68f4 e-flex e-con-boxed e-con e-parent\" data-id=\"7ee68f4\" data-element_type=\"container\">\n\t\t\t\t\t<div class=\"e-con-inner\">\n\t\t\t\t<div class=\"elementor-element elementor-element-74e012a elementor-widget elementor-widget-text-editor\" data-id=\"74e012a\" data-element_type=\"widget\" data-widget_type=\"text-editor.default\">\n\t\t\t\t<div class=\"elementor-widget-container\">\n\t\t\t\t\t\t\t\t\t<p>Regionen Marche ligger mig otroligt varmt om hj\u00e4rtat. H\u00e4r finns s\u00e5 mycket av det som jag tycker b\u00e4st om med Italien. I byn Albacina, n\u00e4ra Fabriano, har jag min italienska familj. G\u00e4stfriheten, den vackra naturen och maten gjorde att jag f\u00f6ll pladask f\u00f6r det h\u00e4r omr\u00e5det n\u00e4r jag f\u00f6rst kom hit f\u00f6r en si s\u00e5 d\u00e4r 25 \u00e5r sedan.\u00a0<\/p><h2>Vandringsturism<\/h2><p>Den \u00e4ldsta medeltida delen av byn ligger p\u00e5 en gr\u00f6nskande bergssluttning vid foten av berget Monte San Vicino. Albacina har formen av en gammal borg och har tv\u00e5 kyrkor och en mysig piazza. Den totalt 400 km l\u00e5nga <a href=\"https:\/\/www.camminodeicappuccini.it\/en\/\">vandringsleden Il Cammino dei Cappucini<\/a> passerar h\u00e4r och m\u00f6jligheterna till vandring och cykling \u00e4r m\u00e5nga. Det finns ocks\u00e5 en t\u00e5gstation i byn, vilket g\u00f6r att det \u00e4r l\u00e4tt att ta sig till s\u00e5v\u00e4l Rom som den adriatiska kusten (direktt\u00e5g i b\u00e5da riktningarna). Buss g\u00e5r ocks\u00e5 till de n\u00e4rliggande st\u00e4derna och byarna.\u00a0<\/p><h2>Verdicchio-vin<\/h2><p>Albacina ligger precis i utkanten av det omr\u00e5de d\u00e4r de v\u00e4rldsber\u00f6mda vinerna p\u00e5 den vita Verdicchiodruvan produceras. Perfekt l\u00e4ge f\u00f6r vinturism, allts\u00e5. I trakten finns m\u00e4ngder av bra restauranger med lokala produkter och pl\u00e5nboksv\u00e4nliga priser. Ett stenkast bort ligger Fabriano, en trevlig stad som \u00e4r k\u00e4nd f\u00f6r papperstillverkning sedan medeltiden. N\u00e5gra kilometer bort finns ocks\u00e5 de otroliga grottorna <a href=\"https:\/\/www.frasassi.com\/?language=EN\">Grotte di Frasassi<\/a> som \u00e4r ett m\u00e5ste om man bes\u00f6ker trakten.<\/p><h2>Hus till salu i byn<\/h2><p>Omr\u00e5det \u00e4r intressant f\u00f6r den som s\u00f6ker en genuin och natursk\u00f6n plats i Italien, d\u00e4r man inte bara blir en turist i m\u00e4ngden. I Albacina finns flera hus till salu just nu, och jag \u00f6nskar jag kunde k\u00f6pa dem alla sj\u00e4lv. Minst tv\u00e5 av dem har tr\u00e4dg\u00e5rd. Om du skulle vara intresserad av att k\u00f6pa ett billigt hus i en liten by i Marche hj\u00e4lper vi g\u00e4rna till med guidning och r\u00e5dgivning. Goda grannar garanteras!<\/p><p><a href=\"https:\/\/italienbyran.se\/index.php\/kontakt\/\">Kontakta oss<\/a><\/p>\t\t\t\t\t\t\t\t<\/div>\n\t\t\t\t<\/div>\n\t\t\t\t\t<\/div>\n\t\t\t\t<\/div>\n\t\t\t\t<\/div>\n\t\t","protected":false},"excerpt":{"rendered":"<p>Regionen Marche ligger mig otroligt varmt om hj\u00e4rtat. H\u00e4r finns s\u00e5 mycket av det som jag tycker b\u00e4st om med Italien. I byn Albacina, n\u00e4ra Fabriano, har jag min italienska familj. G\u00e4stfriheten, den vackra naturen och maten gjorde att jag f\u00f6ll pladask f\u00f6r det h\u00e4r omr\u00e5det n\u00e4r jag f\u00f6rst kom hit f\u00f6r en si s\u00e5 [&hellip;]<\/p>\n","protected":false},"author":1,"featured_media":0,"comment_status":"closed","ping_status":"open","sticky":false,"template":"","format":"standard","meta":{"_jetpack_memberships_contains_paid_content":false,"footnotes":""},"categories":[5],"tags":[],"class_list":["post-245","post","type-post","status-publish","format-standard","hentry","category-kopa-hus-i-italien"],"yoast_head":"<!-- This site is optimized with the Yoast SEO plugin v27.4 - https:\/\/yoast.com\/product\/yoast-seo-wordpress\/ -->\n<title>K\u00f6pa hus i Marche - Italienbyr\u00e5n<\/title>\n<meta name=\"description\" content=\"I den mysiga byn Albacina finns flera hus till salu till bra pris, flera har tr\u00e4dg\u00e5rd. Vill du bo i en geniun och natursk\u00f6n italiensk milj\u00f6?\" \/>\n<meta name=\"robots\" content=\"index, follow, max-snippet:-1, max-image-preview:large, max-video-preview:-1\" \/>\n<link rel=\"canonical\" href=\"https:\/\/italienbyran.se\/index.php\/2025\/05\/16\/kopa-hus-i-marche\/\" \/>\n<meta property=\"og:locale\" content=\"sv_SE\" \/>\n<meta property=\"og:type\" content=\"article\" \/>\n<meta property=\"og:title\" content=\"K\u00f6pa hus i Marche - Italienbyr\u00e5n\" \/>\n<meta property=\"og:description\" content=\"I den mysiga byn Albacina finns flera hus till salu till bra pris, flera har tr\u00e4dg\u00e5rd. Vill du bo i en geniun och natursk\u00f6n italiensk milj\u00f6?\" \/>\n<meta property=\"og:url\" content=\"https:\/\/italienbyran.se\/index.php\/2025\/05\/16\/kopa-hus-i-marche\/\" \/>\n<meta property=\"og:site_name\" content=\"Italienbyr\u00e5n\" \/>\n<meta property=\"article:published_time\" content=\"2025-05-16T11:41:44+00:00\" \/>\n<meta property=\"article:modified_time\" content=\"2025-08-07T07:19:23+00:00\" \/>\n<meta name=\"author\" content=\"admin\" \/>\n<meta name=\"twitter:card\" content=\"summary_large_image\" \/>\n<meta name=\"twitter:label1\" content=\"Skriven av\" \/>\n\t<meta name=\"twitter:data1\" content=\"admin\" \/>\n\t<meta name=\"twitter:label2\" content=\"Ber\u00e4knad l\u00e4stid\" \/>\n\t<meta name=\"twitter:data2\" content=\"2 minuter\" \/>\n<script type=\"application\/ld+json\" class=\"yoast-schema-graph\">{\"@context\":\"https:\\\/\\\/schema.org\",\"@graph\":[{\"@type\":\"Article\",\"@id\":\"https:\\\/\\\/italienbyran.se\\\/index.php\\\/2025\\\/05\\\/16\\\/kopa-hus-i-marche\\\/#article\",\"isPartOf\":{\"@id\":\"https:\\\/\\\/italienbyran.se\\\/index.php\\\/2025\\\/05\\\/16\\\/kopa-hus-i-marche\\\/\"},\"author\":{\"name\":\"admin\",\"@id\":\"https:\\\/\\\/italienbyran.se\\\/#\\\/schema\\\/person\\\/a8bcf5ac6541f6b2581b7d3eeed631a4\"},\"headline\":\"K\u00f6pa hus i Marche\",\"datePublished\":\"2025-05-16T11:41:44+00:00\",\"dateModified\":\"2025-08-07T07:19:23+00:00\",\"mainEntityOfPage\":{\"@id\":\"https:\\\/\\\/italienbyran.se\\\/index.php\\\/2025\\\/05\\\/16\\\/kopa-hus-i-marche\\\/\"},\"wordCount\":360,\"image\":{\"@id\":\"https:\\\/\\\/italienbyran.se\\\/index.php\\\/2025\\\/05\\\/16\\\/kopa-hus-i-marche\\\/#primaryimage\"},\"thumbnailUrl\":\"https:\\\/\\\/italienbyran.se\\\/wp-content\\\/uploads\\\/2025\\\/05\\\/IMG_6402-2-1024x730.jpg\",\"articleSection\":[\"K\u00f6pa hus i Italien\"],\"inLanguage\":\"sv-SE\"},{\"@type\":\"WebPage\",\"@id\":\"https:\\\/\\\/italienbyran.se\\\/index.php\\\/2025\\\/05\\\/16\\\/kopa-hus-i-marche\\\/\",\"url\":\"https:\\\/\\\/italienbyran.se\\\/index.php\\\/2025\\\/05\\\/16\\\/kopa-hus-i-marche\\\/\",\"name\":\"K\u00f6pa hus i Marche - Italienbyr\u00e5n\",\"isPartOf\":{\"@id\":\"https:\\\/\\\/italienbyran.se\\\/#website\"},\"primaryImageOfPage\":{\"@id\":\"https:\\\/\\\/italienbyran.se\\\/index.php\\\/2025\\\/05\\\/16\\\/kopa-hus-i-marche\\\/#primaryimage\"},\"image\":{\"@id\":\"https:\\\/\\\/italienbyran.se\\\/index.php\\\/2025\\\/05\\\/16\\\/kopa-hus-i-marche\\\/#primaryimage\"},\"thumbnailUrl\":\"https:\\\/\\\/italienbyran.se\\\/wp-content\\\/uploads\\\/2025\\\/05\\\/IMG_6402-2-1024x730.jpg\",\"datePublished\":\"2025-05-16T11:41:44+00:00\",\"dateModified\":\"2025-08-07T07:19:23+00:00\",\"author\":{\"@id\":\"https:\\\/\\\/italienbyran.se\\\/#\\\/schema\\\/person\\\/a8bcf5ac6541f6b2581b7d3eeed631a4\"},\"description\":\"I den mysiga byn Albacina finns flera hus till salu till bra pris, flera har tr\u00e4dg\u00e5rd. Vill du bo i en geniun och natursk\u00f6n italiensk milj\u00f6?\",\"breadcrumb\":{\"@id\":\"https:\\\/\\\/italienbyran.se\\\/index.php\\\/2025\\\/05\\\/16\\\/kopa-hus-i-marche\\\/#breadcrumb\"},\"inLanguage\":\"sv-SE\",\"potentialAction\":[{\"@type\":\"ReadAction\",\"target\":[\"https:\\\/\\\/italienbyran.se\\\/index.php\\\/2025\\\/05\\\/16\\\/kopa-hus-i-marche\\\/\"]}]},{\"@type\":\"ImageObject\",\"inLanguage\":\"sv-SE\",\"@id\":\"https:\\\/\\\/italienbyran.se\\\/index.php\\\/2025\\\/05\\\/16\\\/kopa-hus-i-marche\\\/#primaryimage\",\"url\":\"https:\\\/\\\/italienbyran.se\\\/wp-content\\\/uploads\\\/2025\\\/05\\\/IMG_6402-2-scaled.jpg\",\"contentUrl\":\"https:\\\/\\\/italienbyran.se\\\/wp-content\\\/uploads\\\/2025\\\/05\\\/IMG_6402-2-scaled.jpg\",\"width\":2560,\"height\":1825,\"caption\":\"Albacina\"},{\"@type\":\"BreadcrumbList\",\"@id\":\"https:\\\/\\\/italienbyran.se\\\/index.php\\\/2025\\\/05\\\/16\\\/kopa-hus-i-marche\\\/#breadcrumb\",\"itemListElement\":[{\"@type\":\"ListItem\",\"position\":1,\"name\":\"Hem\",\"item\":\"https:\\\/\\\/italienbyran.se\\\/\"},{\"@type\":\"ListItem\",\"position\":2,\"name\":\"K\u00f6pa hus i Marche\"}]},{\"@type\":\"WebSite\",\"@id\":\"https:\\\/\\\/italienbyran.se\\\/#website\",\"url\":\"https:\\\/\\\/italienbyran.se\\\/\",\"name\":\"Italienbyr\u00e5n\",\"description\":\"\",\"potentialAction\":[{\"@type\":\"SearchAction\",\"target\":{\"@type\":\"EntryPoint\",\"urlTemplate\":\"https:\\\/\\\/italienbyran.se\\\/?s={search_term_string}\"},\"query-input\":{\"@type\":\"PropertyValueSpecification\",\"valueRequired\":true,\"valueName\":\"search_term_string\"}}],\"inLanguage\":\"sv-SE\"},{\"@type\":\"Person\",\"@id\":\"https:\\\/\\\/italienbyran.se\\\/#\\\/schema\\\/person\\\/a8bcf5ac6541f6b2581b7d3eeed631a4\",\"name\":\"admin\",\"image\":{\"@type\":\"ImageObject\",\"inLanguage\":\"sv-SE\",\"@id\":\"https:\\\/\\\/secure.gravatar.com\\\/avatar\\\/10e40c809a5cef5348430ba584627fa424ca4f1afa68d6036772abd3dffeff5d?s=96&d=mm&r=g\",\"url\":\"https:\\\/\\\/secure.gravatar.com\\\/avatar\\\/10e40c809a5cef5348430ba584627fa424ca4f1afa68d6036772abd3dffeff5d?s=96&d=mm&r=g\",\"contentUrl\":\"https:\\\/\\\/secure.gravatar.com\\\/avatar\\\/10e40c809a5cef5348430ba584627fa424ca4f1afa68d6036772abd3dffeff5d?s=96&d=mm&r=g\",\"caption\":\"admin\"},\"sameAs\":[\"https:\\\/\\\/italienbyran.se\"],\"url\":\"https:\\\/\\\/italienbyran.se\\\/index.php\\\/author\\\/admin_rdtexy97\\\/\"}]}<\/script>\n<!-- \/ Yoast SEO plugin. -->","yoast_head_json":{"title":"K\u00f6pa hus i Marche - Italienbyr\u00e5n","description":"I den mysiga byn Albacina finns flera hus till salu till bra pris, flera har tr\u00e4dg\u00e5rd. Vill du bo i en geniun och natursk\u00f6n italiensk milj\u00f6?","robots":{"index":"index","follow":"follow","max-snippet":"max-snippet:-1","max-image-preview":"max-image-preview:large","max-video-preview":"max-video-preview:-1"},"canonical":"https:\/\/italienbyran.se\/index.php\/2025\/05\/16\/kopa-hus-i-marche\/","og_locale":"sv_SE","og_type":"article","og_title":"K\u00f6pa hus i Marche - Italienbyr\u00e5n","og_description":"I den mysiga byn Albacina finns flera hus till salu till bra pris, flera har tr\u00e4dg\u00e5rd. Vill du bo i en geniun och natursk\u00f6n italiensk milj\u00f6?","og_url":"https:\/\/italienbyran.se\/index.php\/2025\/05\/16\/kopa-hus-i-marche\/","og_site_name":"Italienbyr\u00e5n","article_published_time":"2025-05-16T11:41:44+00:00","article_modified_time":"2025-08-07T07:19:23+00:00","author":"admin","twitter_card":"summary_large_image","twitter_misc":{"Skriven av":"admin","Ber\u00e4knad l\u00e4stid":"2 minuter"},"schema":{"@context":"https:\/\/schema.org","@graph":[{"@type":"Article","@id":"https:\/\/italienbyran.se\/index.php\/2025\/05\/16\/kopa-hus-i-marche\/#article","isPartOf":{"@id":"https:\/\/italienbyran.se\/index.php\/2025\/05\/16\/kopa-hus-i-marche\/"},"author":{"name":"admin","@id":"https:\/\/italienbyran.se\/#\/schema\/person\/a8bcf5ac6541f6b2581b7d3eeed631a4"},"headline":"K\u00f6pa hus i Marche","datePublished":"2025-05-16T11:41:44+00:00","dateModified":"2025-08-07T07:19:23+00:00","mainEntityOfPage":{"@id":"https:\/\/italienbyran.se\/index.php\/2025\/05\/16\/kopa-hus-i-marche\/"},"wordCount":360,"image":{"@id":"https:\/\/italienbyran.se\/index.php\/2025\/05\/16\/kopa-hus-i-marche\/#primaryimage"},"thumbnailUrl":"https:\/\/italienbyran.se\/wp-content\/uploads\/2025\/05\/IMG_6402-2-1024x730.jpg","articleSection":["K\u00f6pa hus i Italien"],"inLanguage":"sv-SE"},{"@type":"WebPage","@id":"https:\/\/italienbyran.se\/index.php\/2025\/05\/16\/kopa-hus-i-marche\/","url":"https:\/\/italienbyran.se\/index.php\/2025\/05\/16\/kopa-hus-i-marche\/","name":"K\u00f6pa hus i Marche - Italienbyr\u00e5n","isPartOf":{"@id":"https:\/\/italienbyran.se\/#website"},"primaryImageOfPage":{"@id":"https:\/\/italienbyran.se\/index.php\/2025\/05\/16\/kopa-hus-i-marche\/#primaryimage"},"image":{"@id":"https:\/\/italienbyran.se\/index.php\/2025\/05\/16\/kopa-hus-i-marche\/#primaryimage"},"thumbnailUrl":"https:\/\/italienbyran.se\/wp-content\/uploads\/2025\/05\/IMG_6402-2-1024x730.jpg","datePublished":"2025-05-16T11:41:44+00:00","dateModified":"2025-08-07T07:19:23+00:00","author":{"@id":"https:\/\/italienbyran.se\/#\/schema\/person\/a8bcf5ac6541f6b2581b7d3eeed631a4"},"description":"I den mysiga byn Albacina finns flera hus till salu till bra pris, flera har tr\u00e4dg\u00e5rd. Vill du bo i en geniun och natursk\u00f6n italiensk milj\u00f6?","breadcrumb":{"@id":"https:\/\/italienbyran.se\/index.php\/2025\/05\/16\/kopa-hus-i-marche\/#breadcrumb"},"inLanguage":"sv-SE","potentialAction":[{"@type":"ReadAction","target":["https:\/\/italienbyran.se\/index.php\/2025\/05\/16\/kopa-hus-i-marche\/"]}]},{"@type":"ImageObject","inLanguage":"sv-SE","@id":"https:\/\/italienbyran.se\/index.php\/2025\/05\/16\/kopa-hus-i-marche\/#primaryimage","url":"https:\/\/italienbyran.se\/wp-content\/uploads\/2025\/05\/IMG_6402-2-scaled.jpg","contentUrl":"https:\/\/italienbyran.se\/wp-content\/uploads\/2025\/05\/IMG_6402-2-scaled.jpg","width":2560,"height":1825,"caption":"Albacina"},{"@type":"BreadcrumbList","@id":"https:\/\/italienbyran.se\/index.php\/2025\/05\/16\/kopa-hus-i-marche\/#breadcrumb","itemListElement":[{"@type":"ListItem","position":1,"name":"Hem","item":"https:\/\/italienbyran.se\/"},{"@type":"ListItem","position":2,"name":"K\u00f6pa hus i Marche"}]},{"@type":"WebSite","@id":"https:\/\/italienbyran.se\/#website","url":"https:\/\/italienbyran.se\/","name":"Italienbyr\u00e5n","description":"","potentialAction":[{"@type":"SearchAction","target":{"@type":"EntryPoint","urlTemplate":"https:\/\/italienbyran.se\/?s={search_term_string}"},"query-input":{"@type":"PropertyValueSpecification","valueRequired":true,"valueName":"search_term_string"}}],"inLanguage":"sv-SE"},{"@type":"Person","@id":"https:\/\/italienbyran.se\/#\/schema\/person\/a8bcf5ac6541f6b2581b7d3eeed631a4","name":"admin","image":{"@type":"ImageObject","inLanguage":"sv-SE","@id":"https:\/\/secure.gravatar.com\/avatar\/10e40c809a5cef5348430ba584627fa424ca4f1afa68d6036772abd3dffeff5d?s=96&d=mm&r=g","url":"https:\/\/secure.gravatar.com\/avatar\/10e40c809a5cef5348430ba584627fa424ca4f1afa68d6036772abd3dffeff5d?s=96&d=mm&r=g","contentUrl":"https:\/\/secure.gravatar.com\/avatar\/10e40c809a5cef5348430ba584627fa424ca4f1afa68d6036772abd3dffeff5d?s=96&d=mm&r=g","caption":"admin"},"sameAs":["https:\/\/italienbyran.se"],"url":"https:\/\/italienbyran.se\/index.php\/author\/admin_rdtexy97\/"}]}},"jetpack_featured_media_url":"","jetpack_sharing_enabled":true,"_links":{"self":[{"href":"https:\/\/italienbyran.se\/index.php\/wp-json\/wp\/v2\/posts\/245","targetHints":{"allow":["GET"]}}],"collection":[{"href":"https:\/\/italienbyran.se\/index.php\/wp-json\/wp\/v2\/posts"}],"about":[{"href":"https:\/\/italienbyran.se\/index.php\/wp-json\/wp\/v2\/types\/post"}],"author":[{"embeddable":true,"href":"https:\/\/italienbyran.se\/index.php\/wp-json\/wp\/v2\/users\/1"}],"replies":[{"embeddable":true,"href":"https:\/\/italienbyran.se\/index.php\/wp-json\/wp\/v2\/comments?post=245"}],"version-history":[{"count":19,"href":"https:\/\/italienbyran.se\/index.php\/wp-json\/wp\/v2\/posts\/245\/revisions"}],"predecessor-version":[{"id":287,"href":"https:\/\/italienbyran.se\/index.php\/wp-json\/wp\/v2\/posts\/245\/revisions\/287"}],"wp:attachment":[{"href":"https:\/\/italienbyran.se\/index.php\/wp-json\/wp\/v2\/media?parent=245"}],"wp:term":[{"taxonomy":"category","embeddable":true,"href":"https:\/\/italienbyran.se\/index.php\/wp-json\/wp\/v2\/categories?post=245"},{"taxonomy":"post_tag","embeddable":true,"href":"https:\/\/italienbyran.se\/index.php\/wp-json\/wp\/v2\/tags?post=245"}],"curies":[{"name":"wp","href":"https:\/\/api.w.org\/{rel}","templated":true}]}}